{"id":2848,"date":"2015-03-20T20:56:19","date_gmt":"2015-03-20T19:56:19","guid":{"rendered":"http:\/\/www.prospettivafamiglia.it\/wp\/?p=2848"},"modified":"2015-03-26T23:28:45","modified_gmt":"2015-03-26T22:28:45","slug":"2848","status":"publish","type":"post","link":"https:\/\/www.prospettivafamiglia.it\/?p=2848","title":{"rendered":"26 marzo 2015 : Un debutto assoluto del gruppo \u201cTeatro in famiglia\u201d"},"content":{"rendered":"<div class=\"page\" title=\"Page 1\">\n<div class=\"section\">\n<div class=\"layoutArea\">\n<div class=\"column\">\n<h3 style=\"text-align: center;\"><span style=\"color: #008000;\">LA RETE PROSPETTIVA FAMIGLIA, NELL\u2019AMBITO DEL PERCORSO DI FORMAZIONE DEL PROGETTO GENERAZIONI, IN OCCASIONE DELLA GIORNATA DELLA DONNA, PROPONE UN INTERESSANTE MOMENTO TEATRALE<\/span><\/h3>\n<h2 style=\"text-align: center;\"><span style=\"color: #ff0000;\">LA COMPAGNIA DEL PROGETTO TEATRO&#8230;IN FAMIGLIA PRESENTA<\/span><\/h2>\n<div class=\"page\" title=\"Page 1\">\n<div class=\"section\">\n<div class=\"layoutArea\">\n<div class=\"column\">\n<h1 style=\"text-align: center;\"><span style=\"color: #ff0000;\">\u201cISOLINA CANUTI\u201d<\/span><\/h1>\n<h3 style=\"text-align: center;\"><span style=\"color: #ff0000;\">IL READING DEL POEMETTO DI SILVERIA GONZATO PASSARELLI<\/span><\/h3>\n<div class=\"page\" title=\"Page 1\">\n<div class=\"section\">\n<div class=\"layoutArea\">\n<div class=\"column\">\n<h4><strong>Declamanti: Luciana Marconcini, Laura Bellin, Anna Bolzonaro, Laura Ferrari, Laura Martelli, Bruna Merzari, Marisa Zordan,<\/strong><br \/>\n<strong> alla chitarra il Prof. Marco Magnani,<\/strong><br \/>\n<strong>con la partecipazione di Giuseppe Passarelli e\u00a0<span style=\"line-height: 1.5;\">il Liceo Scienze Umane e Musicale Montanari di Verona<\/span><\/strong><\/h4>\n<\/div>\n<\/div>\n<\/div>\n<\/div>\n<\/div>\n<\/div>\n<\/div>\n<\/div>\n<\/div>\n<\/div>\n<\/div>\n<\/div>\n<h2 style=\"text-align: center;\"><span style=\"color: #ff0000;\">Il 26 marzo 2015, <\/span><br \/>\n<span style=\"color: #ff0000;\">alle ore 17.30 , <\/span><br \/>\n<span style=\"color: #ff0000;\">nell\u2019Aula Magna delle Scuole Rosani-Fincato,<\/span><\/h2>\n<p>Un debutto assoluto del gruppo \u201cTeatro in famiglia\u201d che porta in scena la storia di Isolina Canuti.<br \/>\nCon la supervisione dell\u2019attrice\/regista Silveria Gonzato verr\u00e0 fatta rivivere la tragica storia di questa ragazza veronese sacrificata sull&#8217;altare del perbenismo e dell&#8217;ipocrisia.<br \/>\nUn fatto di cronaca avvenuto a Verona nel primo Novecento:<br \/>\nIl 16 gennaio 1900, verso le 7, due lavandaie, nelle acque gelide dell\u2019Adige, rinvengono un sacco contenente diverse parti del corpo di Isolina Canuti, 19 anni , per la quale si ipotizza un aborto mal riuscito e un conseguente smembramento ed occultamento di cadavere.<br \/>\nVarie tracce sembrano portare al tenente degli alpini Carlo Trivulzio, 25 anni, amante della vittima.<br \/>\nForse perch\u00e9 il giovane appartiene all\u2019esercito, il fatto, che ha inizialmente un forte eco a livello nazionale (arriva sino alle aule di Montecitorio), poco dopo viene insabbiato e, come uno dei panni sporchi portati al fiume dalle lavandaie, \u00ablavato\u00bb e riposto altrove.<\/p>\n<p>La trasposizione teatrale della Gonzato, che ha ripreso la storia dall&#8217;omonimo romanzo-inchiesta della scrittrice Dacia Maraini, si avvale della collaborazione di un gruppo di donne che hanno partecipato agli incontri organizzati e proposti agli anziani del Quartiere da Prospettiva Famiglia e seguiti direttamente dal vicepresidente della Rete Andrea Salandra.<br \/>\nLe declamanti, nell\u2019occasione accompagnate dal chitarrista Marco Magnani, saranno: Luciana Marconcini, Laura Bellin, Anna Bolzonaro, Laura Ferrari, Laura Martelli, Bruna Merzari, e Marisa Zordan.<br \/>\nIl reading \u00e8 intervallato da canti popolari proposti da Giuseppe Passarelli secondo la tradizione dei cantastorie siciliani.<br \/>\nL\u2019occasione sar\u00e0 buona anche per esprimere una valutazione delle attivit\u00e0 svolte dalla Rete a favore della Terza et\u00e0 e accogliere suggerimenti per l\u2019anno prossimo.<\/p>\n<h3><span style=\"color: #ff0000;\">L\u2019ingresso \u00e8 libero<\/span><\/h3>\n<div class=\"page\" title=\"Page 1\">\n<div class=\"section\">\n<div class=\"layoutArea\">\n<div class=\"column\">\n<h5>Il Referente del Progetto<br \/>\nProf. Andrea Salandra<\/h5>\n<\/div>\n<\/div>\n<\/div>\n<\/div>\n","protected":false},"excerpt":{"rendered":"<p>LA RETE PROSPETTIVA FAMIGLIA, NELL\u2019AMBITO DEL PERCORSO DI FORMAZIONE DEL PROGETTO GENERAZIONI, IN OCCASIONE DELLA GIORNATA DELLA DONNA, PROPONE UN INTERESSANTE MOMENTO TEATRALE LA COMPAGNIA DEL PROGETTO TEATRO&#8230;IN FAMIGLIA PRESENTA \u201cISOLINA CANUTI\u201d IL READING DEL POEMETTO DI SILVERIA GONZATO PASSARELLI Declamanti: Luciana Marconcini, Laura Bellin, Anna Bolzonaro, Laura Ferrari, Laura Martelli, Bruna Merzari, Marisa Zordan, [&hellip;]<\/p>\n","protected":false},"author":1,"featured_media":2849,"comment_status":"closed","ping_status":"closed","sticky":false,"template":"","format":"standard","meta":{"jnews-multi-image_gallery":[],"jnews_single_post":[],"jnews_primary_category":[],"jnews_social_meta":[],"jnews_override_counter":[],"footnotes":""},"categories":[31],"tags":[],"class_list":["post-2848","post","type-post","status-publish","format-standard","has-post-thumbnail","hentry","category-universita-del-tempo-libero"],"_links":{"self":[{"href":"https:\/\/www.prospettivafamiglia.it\/index.php?rest_route=\/wp\/v2\/posts\/2848","targetHints":{"allow":["GET"]}}],"collection":[{"href":"https:\/\/www.prospettivafamiglia.it\/index.php?rest_route=\/wp\/v2\/posts"}],"about":[{"href":"https:\/\/www.prospettivafamiglia.it\/index.php?rest_route=\/wp\/v2\/types\/post"}],"author":[{"embeddable":true,"href":"https:\/\/www.prospettivafamiglia.it\/index.php?rest_route=\/wp\/v2\/users\/1"}],"replies":[{"embeddable":true,"href":"https:\/\/www.prospettivafamiglia.it\/index.php?rest_route=%2Fwp%2Fv2%2Fcomments&post=2848"}],"version-history":[{"count":0,"href":"https:\/\/www.prospettivafamiglia.it\/index.php?rest_route=\/wp\/v2\/posts\/2848\/revisions"}],"wp:featuredmedia":[{"embeddable":true,"href":"https:\/\/www.prospettivafamiglia.it\/index.php?rest_route=\/wp\/v2\/media\/2849"}],"wp:attachment":[{"href":"https:\/\/www.prospettivafamiglia.it\/index.php?rest_route=%2Fwp%2Fv2%2Fmedia&parent=2848"}],"wp:term":[{"taxonomy":"category","embeddable":true,"href":"https:\/\/www.prospettivafamiglia.it\/index.php?rest_route=%2Fwp%2Fv2%2Fcategories&post=2848"},{"taxonomy":"post_tag","embeddable":true,"href":"https:\/\/www.prospettivafamiglia.it\/index.php?rest_route=%2Fwp%2Fv2%2Ftags&post=2848"}],"curies":[{"name":"wp","href":"https:\/\/api.w.org\/{rel}","templated":true}]}}