{"id":2884,"date":"2015-03-25T14:12:24","date_gmt":"2015-03-25T13:12:24","guid":{"rendered":"http:\/\/www.prospettivafamiglia.it\/wp\/?p=2884"},"modified":"2015-03-27T14:04:22","modified_gmt":"2015-03-27T13:04:22","slug":"larena-25032015-omaggio-a-isolina-nelle-parole-di-gonzato","status":"publish","type":"post","link":"https:\/\/www.prospettivafamiglia.it\/?p=2884","title":{"rendered":"L&#8217;Arena &#8211; 25\/03\/2015 : Omaggio a \u00abIsolina\u00bb nelle parole di Gonzato"},"content":{"rendered":"<h3>SCUOLE ROSANI-FINCATO. Domani alle 17,30, ad ingresso libero<\/h3>\n<h2>Omaggio a \u00abIsolina\u00bb\u00a0nelle parole di Gonzato<\/h2>\n<h3>Giuseppe Corr\u00e0<\/h3>\n<h4>Reading delle donne di Prospettiva Famiglia con la chitarra di Magnani e il canto di Passarelli<\/h4>\n<p>La triste vicenda di Isolina Canuti, martire del perbenismo e dell&#8217;ipocrisia, in scena con il \u00abTeatro in famiglia\u00bb. La Rete Prospettiva Famiglia, nell&#8217;ambito del percorso del Progetto Generazioni, per celebrare la Festa della donna, propone domani alle 17,30 nell&#8217;aula magna delle Scuole Rosani-Fincato (via Badile 95, Borgo Venezia) la tragica storia di questa ragazza veronese sacrificata sull&#8217;altare del perbenismo e dell&#8217;ipocrisia leggendo parti del poemetto omonimo scritto da Silveria Gonzato, poetessa e scrittrice di commedie.<br \/>\nIl poemetto si rif\u00e0 ad un fatto di cronaca avvenuto a Verona il 16 gennaio 1900. Verso le 7 di quella fredda mattina due lavandaie rinvengono nelle acque gelide dell&#8217;Adige un sacco che contiene il corpo sezionato di una ragazza. Pi\u00f9 tardi si sapr\u00e0 che \u00e8 quello della diciannovenne Isolina Canuti. Per la sua morte dovuta ad un aborto mal riuscito, viene accusato un ufficiale, il tenente degli alpini Carlo Trivulzio di 25 anni, gi\u00e0 amante della vittima.<br \/>\nQuel delitto ha inizialmente ha una grande eco anche a livello nazionale, arrivando fino alle aule di Montecitorio. Ma successivamente, forse proprio perch\u00e9 il giovane accusato appartiene all&#8217;esercito, viene insabbiato e, come uno dei panni sporchi portati al fiume dalle lavandaie, si deve lavare solo in casa.<br \/>\nLa trasposizione teatrale di Gonzato, in lingua italiana, con inserimenti di parti dialettali, riprende la storia dall&#8217;omonimo romanzo-inchiesta della scrittrice Dacia Maraini. Per la recitazione si avvale della collaborazione di un gruppo di donne (Luciana Marconcini, Laura Bellin, Anna Bolzonaro, Laura Ferrari, Laura Martelli, Bruna Merzari, e Marisa Zordan) che hanno partecipato agli incontri organizzati e proposti al quartiere dall&#8217;associazione Prospettiva Famiglia e seguiti direttamente dal vicepresidente Andrea Salandra. Le accompagner\u00e0 alla chitarra Marco Magnani. La recitazione verr\u00e0 intervallata dai canti popolari proposti da Giuseppe Passarelli alla maniera dei cantastorie siciliani.<br \/>\nAll&#8217;inizio e alla fine della rappresentazione si esibiranno anche alcuni allievi del Liceo Musicale Montanari di Verona.<br \/>\nL&#8217;ingresso \u00e8 libero.<\/p>\n","protected":false},"excerpt":{"rendered":"<p>SCUOLE ROSANI-FINCATO. Domani alle 17,30, ad ingresso libero Omaggio a \u00abIsolina\u00bb\u00a0nelle parole di Gonzato Giuseppe Corr\u00e0 Reading delle donne di Prospettiva Famiglia con la chitarra di Magnani e il canto di Passarelli La triste vicenda di Isolina Canuti, martire del perbenismo e dell&#8217;ipocrisia, in scena con il \u00abTeatro in famiglia\u00bb. La Rete Prospettiva Famiglia, nell&#8217;ambito [&hellip;]<\/p>\n","protected":false},"author":1,"featured_media":2885,"comment_status":"closed","ping_status":"closed","sticky":false,"template":"","format":"standard","meta":{"jnews-multi-image_gallery":[],"jnews_single_post":[],"jnews_primary_category":[],"jnews_social_meta":[],"jnews_override_counter":[],"footnotes":""},"categories":[26],"tags":[],"class_list":["post-2884","post","type-post","status-publish","format-standard","has-post-thumbnail","hentry","category-rassegna-stampa"],"_links":{"self":[{"href":"https:\/\/www.prospettivafamiglia.it\/index.php?rest_route=\/wp\/v2\/posts\/2884","targetHints":{"allow":["GET"]}}],"collection":[{"href":"https:\/\/www.prospettivafamiglia.it\/index.php?rest_route=\/wp\/v2\/posts"}],"about":[{"href":"https:\/\/www.prospettivafamiglia.it\/index.php?rest_route=\/wp\/v2\/types\/post"}],"author":[{"embeddable":true,"href":"https:\/\/www.prospettivafamiglia.it\/index.php?rest_route=\/wp\/v2\/users\/1"}],"replies":[{"embeddable":true,"href":"https:\/\/www.prospettivafamiglia.it\/index.php?rest_route=%2Fwp%2Fv2%2Fcomments&post=2884"}],"version-history":[{"count":0,"href":"https:\/\/www.prospettivafamiglia.it\/index.php?rest_route=\/wp\/v2\/posts\/2884\/revisions"}],"wp:featuredmedia":[{"embeddable":true,"href":"https:\/\/www.prospettivafamiglia.it\/index.php?rest_route=\/wp\/v2\/media\/2885"}],"wp:attachment":[{"href":"https:\/\/www.prospettivafamiglia.it\/index.php?rest_route=%2Fwp%2Fv2%2Fmedia&parent=2884"}],"wp:term":[{"taxonomy":"category","embeddable":true,"href":"https:\/\/www.prospettivafamiglia.it\/index.php?rest_route=%2Fwp%2Fv2%2Fcategories&post=2884"},{"taxonomy":"post_tag","embeddable":true,"href":"https:\/\/www.prospettivafamiglia.it\/index.php?rest_route=%2Fwp%2Fv2%2Ftags&post=2884"}],"curies":[{"name":"wp","href":"https:\/\/api.w.org\/{rel}","templated":true}]}}