{"id":4071,"date":"2016-04-05T21:22:24","date_gmt":"2016-04-05T19:22:24","guid":{"rendered":"http:\/\/www.prospettivafamiglia.it\/wp\/?p=4071"},"modified":"2016-04-07T07:41:12","modified_gmt":"2016-04-07T05:41:12","slug":"prospettiva-famiglia-una-rete-locale-un-progetto-nazionale-grandi-nomi-per-gli-incontri-in-arrivo-agnese-moro-e-rita-borsellino-intervista-con-la-coordinatrice-daniela-galletta","status":"publish","type":"post","link":"https:\/\/www.prospettivafamiglia.it\/?p=4071","title":{"rendered":"Prospettiva Famiglia: una rete locale, un progetto nazionale. Grandi nomi per gli incontri: in arrivo Agnese Moro e Rita Borsellino. Intervista con la coordinatrice Daniela Galletta"},"content":{"rendered":"<p>Un importante riconoscimento del lavoro di Prospettiva Famiglia arriva del sito di VeronaNews.<\/p>\n<p>Siete tutti invitati a leggerlo direttamente dal sito di veronanews.net ed a condividerlo e diffonderlo.<\/p>\n<blockquote class=\"wp-embedded-content\" data-secret=\"wTidCefe3o\"><p><a href=\"https:\/\/www.veronanews.net\/prospettiva-famiglia-rete-educativa-locale-un-progetto-portata-nazionale-grandi-nomi-gli-ospiti-degli-incontri-arrivo-ora-agnese-moro-rita-borsellino-intervista-la-coordinatrice-d\/\">Prospettiva Famiglia: una rete locale, un progetto nazionale<\/a><\/p><\/blockquote>\n<p><iframe loading=\"lazy\" class=\"wp-embedded-content\" sandbox=\"allow-scripts\" security=\"restricted\" style=\"position: absolute; visibility: hidden;\" title=\"&#8220;Prospettiva Famiglia: una rete locale, un progetto nazionale&#8221; &#8212; Verona News\" src=\"https:\/\/www.veronanews.net\/prospettiva-famiglia-rete-educativa-locale-un-progetto-portata-nazionale-grandi-nomi-gli-ospiti-degli-incontri-arrivo-ora-agnese-moro-rita-borsellino-intervista-la-coordinatrice-d\/embed\/#?secret=BeSThVGyZC#?secret=wTidCefe3o\" data-secret=\"wTidCefe3o\" width=\"500\" height=\"282\" frameborder=\"0\" marginwidth=\"0\" marginheight=\"0\" scrolling=\"no\"><\/iframe><\/p>\n<p>Riportiamo comunque l&#8217;articolo qualora il link non risultasse funzionante :<\/p>\n<p>Corrado Augias, Giuseppe Ayala, Giancarlo Caselli, Don Luigi Ciotti , Gherardo Colombo, Lella Costa, Piercamillo Davigo, Maria Falcone, Tina Montinaro, Agnese Moro, Guido Papalia, Don Gino Rigoldi, Stefano Rodot\u00e0, Gianpaolo Trevisi. Nomi grossi, che raccontano storie dai carichi imponenti, con la leggerezza di chi ha dalla sua la coscienza limpida, la moralit\u00e0 nella spina dorsale, la consapevolezza del significato di giustizia, il senso civico.<\/p>\n<p>Siamo abituati a vederli in tv, a leggere di loro sulla stampa, li colleghiamo a programmi di cronaca e attualit\u00e0 che guardiamo a distanza, eppure sono stati tutti qui vicino, nella nostra citt\u00e0, ospiti di una organizzazione locale per attivit\u00e0, ma nazionale per portata, per valore, per merito. Sveliamo i dettagli insieme ad una delle sue anime, <strong>Daniela Galletta<\/strong>, docente e coordinatrice del macro-progetto \u201c<strong>Rete Prospettiva Famiglia<\/strong>\u201d, \u00ab<em>una realt\u00e0<\/em> \u2013 spiega \u2013<em>che ha visto la luce nel 2007, quando alcuni docenti e psicoterapeuti, constatata una grave emergenza educativa fra i giovani, hanno voluto \u00a0agire, cominciando a ideare mirate attivit\u00e0, che coinvolgessero in primis la famiglia, sede base dell\u2019educazione, e poi le scuole<\/em>\u00bb. <strong>\u00a0<\/strong>E\u2019 nato cos\u00ec il Progetto Scuola per Genitori ed Educatori, infaticabile ingranaggio che concretizza spunti in azioni e funge da punto di convergenza per scuole, insegnanti, studenti, familiari, presieduto da <strong>Paolo Stefano<\/strong>, coadiuvato da numerosi volontari.<strong>\u00ab<\/strong><em>Abbiamo aperto sportelli gratuiti di consulenza psicologica, legale, pedagogica, logopedica e di mutuo aiuto rivolto ai famigliari delle vittime di strada (Educazione Stradale), molto frequentati da genitori ed educatori del territorio. Per dare forma ufficiale al progetto, lo abbiamo costituito come Rete, formalizzata da un accordo siglato dalle scuole appartenenti: a tutt<\/em><em>\u2019<\/em><em>oggi sono una trentina gli istituti aderenti provenienti dalla zona centro-est di Verona, dalla scuola dell<\/em><em>\u2019<\/em><em>infanzia agli istituti superiori<\/em>\u00bb.<\/p>\n<p>Come si articolano le varie proposte formative? \u00ab<em>All\u2019interno dei vari progetti: Scuola per Genitori ed Educatori, Modulo per la scuola dell\u2019infanzia, Ambito storico-culturale, Ambito artistico-musicale, Ambito socio-sanitario, Cineforum in lingua inglese, Incontro con gli autori e la letteratura, Educazione alla legalit\u00e0 e cittadinanza attiva, Borsa di studio \u201cNicola Tommasoli\u201d, Viaggi della legalit\u00e0, Collaborazione con l\u2019associazione \u201cSulle Regole\u201d di Gherardo Colombo, Progetto Biblioteca in Famiglia, sito <\/em><em><a href=\"http:\/\/www.prospettivafamiglia.it\/\">www.prospettivafamiglia.it<\/a><\/em><em> e pagina pubblica di Facebook, Progetto generazioni. Il tutto segu\u00ecto da un\u2019equipe di professionisti e\u00a0 di specialisti qualificati, animati da spirito di servizio e passione educativa, sono sostenuti dalla Circoscrizione locale e dall<\/em><em>\u2019<\/em><em>Assessorato Servizi sociali, Famiglia e Pari opportunit<\/em><em>\u00e0<\/em><em>. Chiunque operi in Prospettiva Famiglia (professionisti, educatori, terapeuti o relatori) condivide la mission\u00a0 e contribuisce\u00a0 in modo del tutto gratuito<\/em>\u00bb.<\/p>\n<p>L\u2019ambito di <strong>Educazione alla legalit<\/strong><strong>\u00e0 <\/strong><strong>e cittadinanza<\/strong> consapevole \u00e8 uno dei maggiori collettori e ha coinvolto nel tempo le scuole della rete, in collaborazione con la Fondazione Giovanni Falcone, con il Gruppo Abele e Libera contro la Mafia, con il Centro Studi Borsellino, con l\u2019Associazione Sulle Regole di Gherardo Colombo; si suddivide in tre sotto-progetti: incontri e laboratori per le scuole, viaggi della legalit\u00e0 per gli studenti, a visitare la Fondazione Giovanni Falcone, luoghi della memoria, come Capaci e via d\u2019Amelio, e il Gruppo Abele di Don Ciotti a Torino. \u00ab<em>Questi momenti \u201csul campo\u201d guidano i ragazzi alla riflessione graduale ed intime, evolvendoli dall\u2019essere semplici osservatori della realt\u00e0 sociale a protagonisti, cittadini consapevoli e corresponsabili<\/em>\u00bb. Il terzo sotto-progetto \u00e8 la borsa di studio in memoria di Nicola Tommasoli, il giovane veronese rimasto vittima di una brutale aggressione nel 2008, sul quale si \u00e8 mantenuta una sensibilizzazione locale insieme ai genitori, per tenere viva la memoria, rafforzare il senso di legalit\u00e0 e sviluppare un\u2019etica della responsabilit\u00e0; \u00e8 rivolta agli studenti\u00a0 della scuola primaria, alle scuole secondarie di primo e secondo grado. <strong>\u00a0\u00a0\u00a0\u00a0<\/strong><\/p>\n<p>Per i docenti della rete sono organizzati momenti di aggiornamento in ambito di Educazione alla Legalit\u00e0 e Cittadinanza attiva, con riconoscimento professionale per la partecipazione: \u00ab<em>l<\/em><em>\u2019<\/em><em>associazione di Gherardo Colombo ha proposto quest<\/em><em>\u2019<\/em><em>anno il corso \u201cInsegnare la democrazia, si pu\u00f2?\u201d, frequentato da una trentina di insegnanti di ogni ordine e grado. Un riscontro ottimo, che ha consolidato una gi\u00e0 consistente trama di contatti e relazioni costruttive e ha creato una fattiva sinergia, generando motivazione, entusiasmo e solidariet<\/em><em>\u00e0 <\/em><em>tra persone accomunate da un unico obiettivo educativo<\/em>\u00bb.<\/p>\n<p>Gli ospiti citati in testa hanno rappresentato un valore aggiunto, in mezzo a gi\u00e0 tanto (recente la sinergia stretta anche con l\u2019Istituto veronese per la storia della Resistenza e dell\u2019et\u00e0 contemporanea); Daniela Galletta rammenta le emozioni vissute accanto ad essi, ascoltando voci che con grintosa dolcezza perpetuano memoria di persone che hanno fatto la storia italiana, spesso al prezzo della vita. \u00ab<em>Credendo fortemente nell\u2019imprescindibilit\u00e0 della memoria, la rete promuove da tempo il ricordo di tanti servitori dello Stato anche attraverso il dolore della rievocazione familiare: figure che hanno sacrificato la propria vita con profondo senso del dovere, in difesa delle istituzioni, usualmente studiate nella loro dimensione pubblica, acquistano nuova e pi\u00f9 luminosa immagine attraverso la conoscenza della loro dimensione privata, della cornice degli affetti, del quotidiano vissuto, facendo emergere nel contempo l<\/em><em>\u2019<\/em><em>impegno civile e la paziente coltivazione di una disciplina interiore<\/em>\u00bb. L\u2019approfondimento monografico della stagione scorsa ha ripercorso gli anni di piombo e la figura del grande statista Aldo Moro. <strong>Il 2016<\/strong> <strong>approfondisce il profilo del magistrato Paolo Borsellino, ospitando in maggio la sorella Rita<\/strong> ( e nei mesi scorsi Don Gino Rigoldi, Gherardo Colombo con Lella Costa, Corrado Augias e Stefano Rodot\u00e0).<img decoding=\"async\" class=\"size-medium wp-image-2202 td-animation-stack-type2-1\" src=\"http:\/\/www.veronanews.net\/wp-content\/uploads\/2016\/04\/mariafalcone22ott-9.jpg\" alt=\"Daniela Galletta con Maria Falcone\" width=\"1\" height=\"1\" \/><\/p>\n<p>\u00ab<em>Siamo sempre pi\u00f9 convinti che il ruolo di noi educatori oggi deve cambiare, deve modificare quello stile obsoleto ed arrugginito, legato talvolta troppo ai contenuti e lontano dalla vera essenza del \u201cfare educazione\u201d. Con la certezza che la famiglia e la scuola siano la sede di precetti primaria e preventiva, continuiamo con impegno a creare percorsi di formazione, nel pensiero che che l\u2019atto dell\u2019educare, che \u00e8 esclusivamente una questione di cuore, richiede quattro requisiti fondamentali: la conoscenza delle dinamiche di crescita, la competenza nei contenuti, la professionalit\u00e0 in termini di seriet\u00e0, impegno e coerenza comportamentale, come pure forte motivazione, senso di attenzione agli altri e passione per il proprio lavoro<\/em>\u00bb.<\/p>\n<p>Il fitto calendario degli appuntamenti \u00e8 consultabile sul sito; si segnala il primo in arrivo:<strong>sabato 9 aprile alle ore 18, nella sede del liceo Messedaglia interverr\u00e0 Agnese Moro con Franco Bonisoli e padre Guido Bertagna sul tema <\/strong>\u201cIL LIBRO DELL\u2019INCONTRO \u2013 Vittime e responsabili della lotta armata a confronto\u201d.<\/p>\n<p>Alessandra Moro<\/p>\n","protected":false},"excerpt":{"rendered":"<p>Un importante riconoscimento del lavoro di Prospettiva Famiglia arriva del sito di VeronaNews. Siete tutti invitati a leggerlo direttamente dal sito di veronanews.net ed a condividerlo e diffonderlo. Prospettiva Famiglia: una rete locale, un progetto nazionale Riportiamo comunque l&#8217;articolo qualora il link non risultasse funzionante : Corrado Augias, Giuseppe Ayala, Giancarlo Caselli, Don Luigi Ciotti [&hellip;]<\/p>\n","protected":false},"author":1,"featured_media":4077,"comment_status":"closed","ping_status":"closed","sticky":false,"template":"","format":"standard","meta":{"jnews-multi-image_gallery":[],"jnews_single_post":[],"jnews_primary_category":[],"jnews_social_meta":[],"jnews_override_counter":[],"footnotes":""},"categories":[26],"tags":[],"class_list":["post-4071","post","type-post","status-publish","format-standard","has-post-thumbnail","hentry","category-rassegna-stampa"],"_links":{"self":[{"href":"https:\/\/www.prospettivafamiglia.it\/index.php?rest_route=\/wp\/v2\/posts\/4071","targetHints":{"allow":["GET"]}}],"collection":[{"href":"https:\/\/www.prospettivafamiglia.it\/index.php?rest_route=\/wp\/v2\/posts"}],"about":[{"href":"https:\/\/www.prospettivafamiglia.it\/index.php?rest_route=\/wp\/v2\/types\/post"}],"author":[{"embeddable":true,"href":"https:\/\/www.prospettivafamiglia.it\/index.php?rest_route=\/wp\/v2\/users\/1"}],"replies":[{"embeddable":true,"href":"https:\/\/www.prospettivafamiglia.it\/index.php?rest_route=%2Fwp%2Fv2%2Fcomments&post=4071"}],"version-history":[{"count":0,"href":"https:\/\/www.prospettivafamiglia.it\/index.php?rest_route=\/wp\/v2\/posts\/4071\/revisions"}],"wp:featuredmedia":[{"embeddable":true,"href":"https:\/\/www.prospettivafamiglia.it\/index.php?rest_route=\/wp\/v2\/media\/4077"}],"wp:attachment":[{"href":"https:\/\/www.prospettivafamiglia.it\/index.php?rest_route=%2Fwp%2Fv2%2Fmedia&parent=4071"}],"wp:term":[{"taxonomy":"category","embeddable":true,"href":"https:\/\/www.prospettivafamiglia.it\/index.php?rest_route=%2Fwp%2Fv2%2Fcategories&post=4071"},{"taxonomy":"post_tag","embeddable":true,"href":"https:\/\/www.prospettivafamiglia.it\/index.php?rest_route=%2Fwp%2Fv2%2Ftags&post=4071"}],"curies":[{"name":"wp","href":"https:\/\/api.w.org\/{rel}","templated":true}]}}