{"id":5226,"date":"2017-03-22T14:13:37","date_gmt":"2017-03-22T13:13:37","guid":{"rendered":"http:\/\/www.prospettivafamiglia.it\/wp\/?p=5226"},"modified":"2017-03-22T20:26:14","modified_gmt":"2017-03-22T19:26:14","slug":"21-marzo-2017-omicidio-stradale-luci-ed-ombre-di-una-legge-tanto-attesa","status":"publish","type":"post","link":"https:\/\/www.prospettivafamiglia.it\/?p=5226","title":{"rendered":"21 marzo 2017 &#8211; OMICIDIO STRADALE: LUCI ED OMBRE DI UNA LEGGE TANTO ATTESA"},"content":{"rendered":"<p style=\"text-align: center;\"><strong>Prospettiva Famiglia \u2013 Attivit\u00e0 di educazione stradale<\/strong><\/p>\n<p style=\"text-align: center;\"><strong>OMICIDIO STRADALE: LUCI ED OMBRE DI UNA LEGGE TANTO ATTESA<\/strong><\/p>\n<p style=\"text-align: center;\"><strong>\u00a021 marzo 2017 \u2013 Centro Civico \u201cN.Tommasoli\u201d<\/strong><\/p>\n<p><a href=\"http:\/\/www.prospettivafamiglia.it\/wp\/?attachment_id=5232\" rel=\"attachment wp-att-5232\"><img decoding=\"async\" class=\"size-full wp-image-5232 aligncenter\" src=\"http:\/\/www.prospettivafamiglia.it\/wp\/wp-content\/uploads\/2017\/03\/unnamed-1-1.jpg\" alt=\"\" width=\"640\" height=\"480\" srcset=\"https:\/\/www.prospettivafamiglia.it\/wp\/wp-content\/uploads\/2017\/03\/unnamed-1-1.jpg 640w, https:\/\/www.prospettivafamiglia.it\/wp\/wp-content\/uploads\/2017\/03\/unnamed-1-1-300x225.jpg 300w, https:\/\/www.prospettivafamiglia.it\/wp\/wp-content\/uploads\/2017\/03\/unnamed-1-1-600x450.jpg 600w\" sizes=\"(max-width: 640px) 100vw, 640px\" \/><\/a>Relatori:<\/p>\n<ul>\n<li>Dott.ssa Angela BARBAGLIO, Procuratore Capo reggente della Procura di Verona<\/li>\n<li>Greta SONA, avvocato del Foro di Verona<\/li>\n<li>Girolamo LACQUANITI, Comandante della Polizia Stradale di Verona<\/li>\n<\/ul>\n<p>Ad introdurre la serata e gli ospiti, il prof. Andrea Salandra e l\u2019avv. Sabrina De Santi, nonch\u00e9 fresca Presidente di AIAF Veneto, l\u2019associazione italiana degli avvocati per la famiglia e per i minori.<\/p>\n<p>Poi la parola \u00e8 passata ai tre graditi ospiti che ci hanno illustrato pregi e difetti della normativa istituita con legge del 23 marzo 2016, n.41, altrimenti nota come Legge sull\u2019omicidio stradale. Una legge fortemente voluta da varie fasce della popolazione, ma in primis dall\u2019Associazione vittime incidenti stradali, sul lavoro e malasanit\u00e0 (AVISL), di cui Stefano Benato e Patrizia Pisi, sono fra i pi\u00f9 noti rappresentanti, oltre che componenti di Prospettiva Famiglia. Ad essi va il merito di aver con tenacia perorato la promulgazione di questa legge, che va ad inasprire le sanzioni nei confronti degli autori del nuovo reato di omicidio stradale, una fattispecie disciplinata non nel Codice della Strada, bens\u00ec direttamente nel Codice Penale. La sua collocazione all\u2019interno del Codice Penale, nel titolo dedicato ai delitti contro la persona e specificamente prevista negli articoli da 589 in avanti (si tenga conto che al 575 si norma l\u2019omicidio volontario), nonch\u00e9 l\u2019immediata entrata in vigore della stessa, bruciando la <em>vacatio legis<\/em> tradizionale di 15 gg. fra la pubblicazione e l\u2019entrata in vigore, d\u00e0 alla norma il senso della volont\u00e0 del Legislatore di punire con maggior severit\u00e0 quegli eventi di colpa grave in conseguenza dei quali si cagiona la morte di un uomo o le sue lesioni gravi.<\/p>\n<p>La dott.ssa Barbaglio ha dapprima inquadrato il nostro ordinamento giurisdizionale, facendo notare il ruolo del Pubblico Ministero, il quale esercita l\u2019azione penale e rappresenta lo Stato in giudizio con il compito di individuare le prove di colpevolezza o l\u2019assenza di prove per poter avviare un giudizio. Ella ha aggiunto come una norma legale, ma in realt\u00e0 lo stesso concetto umano di convivenza prevede che ciascuno di noi sia tutelato nei confronti del potere dello Stato e che per ci\u00f2 stesso, l\u2019atto pi\u00f9 importante, oltre che la sentenza, sono le motivazioni della sentenza, ossia l\u2019obbligo da parte del giudice di esplicitare il ragionamento logico che l\u2019ha portato all\u2019emissione di quella sentenza.<\/p>\n<p>La dott.ssa Barbaglio ha illustrato con precisione e competenza sia la cosiddetta \u201cpena base\u201d, sia gli aggravamenti di pena, che possono essere determinati da particolari situazioni aggravanti come lo stato di ebbrezza o l\u2019alterazione conseguente all\u2019uso di sostanze stupefacenti. Infine, essa ha fatto notare che \u00e8 molto difficile ricostruire i fatti concreti e che, in caso di incidente, uno dei primi interventi da fare \u00e8 il prelievo ematico dall\u2019autore del delitto, tenendo presente che ci\u00f2, specie se l\u2019autore non ha subito ferite e quindi non necessita di prelievo per altri motivi, non \u00e8 cos\u00ec facile da farsi. Si \u00e8 per\u00f2 sostenuto nei confronti delle autorit\u00e0 sanitarie che \u00e8 il contenuto stesso della legge che lo rende necessario per consentire l\u2019eventuale identificazione di queste situazioni specifiche; \u00e8 per questo che a brevissimo verr\u00e0 sottoscritto un protocollo di intesa con le autorit\u00e0 sanitarie pr consentire questo tipo di verifica.<\/p>\n<p>Ha preso poi la parola il dott. Lacquaniti, il quale ha ricordato che i vari interventi introdotti negli anni (obbligo delle cinture di sicurezza, seggiolini per i bambini, \u2026) hanno effettivamente determinato un calo degli incidenti, ma \u00e8 anche vero che da due anni a questa parte il trend positivo si \u00e8 arrestato.<\/p>\n<p>Egli ha fatto presente che solo nel 30% dei casi l\u2019autore \u00e8 il classico giovane che fa uso regolare di stupefacenti o di alcool, mentre nella stragrande maggioranza dei casi (70%) la causa all\u2019origine non \u00e8 concepita umanamente cos\u00ec grave ed \u00e8 la distrazione (telefonino, stanchezza, \u2026). In realt\u00e0, sia in questi come in altri casi, la colpa del conducente sta nel non volersi fermare , nel non voler lasciare il volante nonostante la stanchezza; a ci\u00f2 si aggiungano i casi (e sono sempre pi\u00f9 frequenti) di uso da parte di giovani e adulti di sostanze (anti-depressivi, calmanti anti-panico e altre sostanze che curano stati d\u2019ansia legittimi, ma che quando scatenano l\u2019effetto (sonnolenza, \u2026) possono creare grossi problemi alla guida. Egli suggerisce di agire pi\u00f9 sulla leva dell\u2019ammenda che non su quella della reclusione, essendo a suo parere pi\u00f9 deterrente ad eventuali infrazioni, una sanzione pecuniaria rispetto alla reclusione <em>tout court<\/em>.<\/p>\n<p>Infine, l\u2019avv. Sona ha fatto notare alcune incongruenze nella legge con inasprimenti alla forchetta edittale, che passa da 2-7 anni a 5-10 anni in alcune circostanze, ma inasprisce in egual misura la guida sotto effetto di stupefacenti (grave) con passaggio con 50 kn\/h pi\u00f9 del limite (meno grave).<\/p>\n<p>Alla fine domande dal pubblico presente (una cinquantina le persone) e risposte sempre all\u2019altezza da parte di tre relatori che hanno dimostrato grande competenza e profonda conoscenza della norma e delle motivazioni che hanno portato alla sua emanazione.<\/p>\n<p>Grazie quindi ai relatori per i temi espressi e per la competenza su una norma che sta facendo parlare di s\u00e9 per i riflessi che ha ed avr\u00e0 sul nostro modo di metterci alla guida di un qualunque automezzo.<\/p>\n<p>Di seguito \u00a0la registrazione dell&#8217;incontro (in versione MP3)<\/p>\n<div class=\"wp-playlist wp-audio-playlist wp-playlist-light\">\n\t\t\t<div class=\"wp-playlist-current-item\"><\/div>\n\t\t<audio controls=\"controls\" preload=\"none\" width=\"640\"\n\t\t\t><\/audio>\n\t<div class=\"wp-playlist-next\"><\/div>\n\t<div class=\"wp-playlist-prev\"><\/div>\n\t<noscript>\n\t<ol>\n\t\t<li><a href='https:\/\/www.prospettivafamiglia.it\/wp\/wp-content\/uploads\/2017\/03\/170321_Omicidio_stradale.MP3'>21 marzo 2017 \u2013 OMICIDIO STRADALE: LUCI ED OMBRE DI UNA LEGGE TANTO ATTESA<\/a><\/li>\t<\/ol>\n\t<\/noscript>\n\t<script type=\"application\/json\" class=\"wp-playlist-script\">{\"type\":\"audio\",\"tracklist\":true,\"tracknumbers\":true,\"images\":false,\"artists\":true,\"tracks\":[{\"src\":\"https:\/\/www.prospettivafamiglia.it\/wp\/wp-content\/uploads\/2017\/03\/170321_Omicidio_stradale.MP3\",\"type\":\"audio\/mpeg\",\"title\":\"21 marzo 2017 \\u2013 OMICIDIO STRADALE: LUCI ED OMBRE DI UNA LEGGE TANTO ATTESA\",\"caption\":\"21 marzo 2017 \\u2013 OMICIDIO STRADALE: LUCI ED OMBRE DI UNA LEGGE TANTO ATTESA\",\"description\":\"Relatori:\\nDott.ssa Angela BARBAGLIO, Procuratore Capo reggente della Procura di Verona\\nGreta SONA, avvocato del Foro di Verona\\nGirolamo LACQUANITI, Comandante della Polizia Stradale di Verona\",\"meta\":{\"artist\":\"Dott.ssa Angela BARBAGLIO, Procuratore Capo reggente della Procura di Verona Greta SONA, avvocato del Foro di Verona Girolamo LACQUANITI, Comandante della Polizia Stradale di Verona\",\"length_formatted\":\"2:20:44\"},\"image\":{\"src\":\"https:\/\/www.prospettivafamiglia.it\/wp\/wp-includes\/images\/media\/audio.svg\",\"width\":48,\"height\":64},\"thumb\":{\"src\":\"https:\/\/www.prospettivafamiglia.it\/wp\/wp-includes\/images\/media\/audio.svg\",\"width\":48,\"height\":64}}]}<\/script>\n<\/div>\n\t\n<p>A presto.<\/p>\n<p><strong>Per PROSPETTIVA FAMIGLIA<\/strong><\/p>\n<p>dott. Paolo STEFANO<\/p>\n<p><a href=\"http:\/\/www.prospettivafamiglia.it\/wp\/?attachment_id=5231\" rel=\"attachment wp-att-5231\"><img decoding=\"async\" class=\"size-full wp-image-5231 aligncenter\" src=\"http:\/\/www.prospettivafamiglia.it\/wp\/wp-content\/uploads\/2017\/03\/unnamed-3.jpg\" alt=\"\" width=\"640\" height=\"480\" srcset=\"https:\/\/www.prospettivafamiglia.it\/wp\/wp-content\/uploads\/2017\/03\/unnamed-3.jpg 640w, https:\/\/www.prospettivafamiglia.it\/wp\/wp-content\/uploads\/2017\/03\/unnamed-3-300x225.jpg 300w, https:\/\/www.prospettivafamiglia.it\/wp\/wp-content\/uploads\/2017\/03\/unnamed-3-600x450.jpg 600w\" sizes=\"(max-width: 640px) 100vw, 640px\" \/><\/a><\/p>\n<p>&nbsp;<\/p>\n","protected":false},"excerpt":{"rendered":"<p>Prospettiva Famiglia \u2013 Attivit\u00e0 di educazione stradale OMICIDIO STRADALE: LUCI ED OMBRE DI UNA LEGGE TANTO ATTESA \u00a021 marzo 2017 \u2013 Centro Civico \u201cN.Tommasoli\u201d Relatori: Dott.ssa Angela BARBAGLIO, Procuratore Capo reggente della Procura di Verona Greta SONA, avvocato del Foro di Verona Girolamo LACQUANITI, Comandante della Polizia Stradale di Verona Ad introdurre la serata e [&hellip;]<\/p>\n","protected":false},"author":1,"featured_media":5227,"comment_status":"closed","ping_status":"closed","sticky":false,"template":"","format":"standard","meta":{"jnews-multi-image_gallery":[],"jnews_single_post":[],"jnews_primary_category":[],"jnews_social_meta":[],"jnews_override_counter":[],"footnotes":""},"categories":[34],"tags":[],"class_list":["post-5226","post","type-post","status-publish","format-standard","has-post-thumbnail","hentry","category-educazione-stradale"],"_links":{"self":[{"href":"https:\/\/www.prospettivafamiglia.it\/index.php?rest_route=\/wp\/v2\/posts\/5226","targetHints":{"allow":["GET"]}}],"collection":[{"href":"https:\/\/www.prospettivafamiglia.it\/index.php?rest_route=\/wp\/v2\/posts"}],"about":[{"href":"https:\/\/www.prospettivafamiglia.it\/index.php?rest_route=\/wp\/v2\/types\/post"}],"author":[{"embeddable":true,"href":"https:\/\/www.prospettivafamiglia.it\/index.php?rest_route=\/wp\/v2\/users\/1"}],"replies":[{"embeddable":true,"href":"https:\/\/www.prospettivafamiglia.it\/index.php?rest_route=%2Fwp%2Fv2%2Fcomments&post=5226"}],"version-history":[{"count":0,"href":"https:\/\/www.prospettivafamiglia.it\/index.php?rest_route=\/wp\/v2\/posts\/5226\/revisions"}],"wp:featuredmedia":[{"embeddable":true,"href":"https:\/\/www.prospettivafamiglia.it\/index.php?rest_route=\/wp\/v2\/media\/5227"}],"wp:attachment":[{"href":"https:\/\/www.prospettivafamiglia.it\/index.php?rest_route=%2Fwp%2Fv2%2Fmedia&parent=5226"}],"wp:term":[{"taxonomy":"category","embeddable":true,"href":"https:\/\/www.prospettivafamiglia.it\/index.php?rest_route=%2Fwp%2Fv2%2Fcategories&post=5226"},{"taxonomy":"post_tag","embeddable":true,"href":"https:\/\/www.prospettivafamiglia.it\/index.php?rest_route=%2Fwp%2Fv2%2Ftags&post=5226"}],"curies":[{"name":"wp","href":"https:\/\/api.w.org\/{rel}","templated":true}]}}