{"id":734,"date":"2014-03-28T20:13:30","date_gmt":"2014-03-28T19:13:30","guid":{"rendered":"http:\/\/www.prospettivafamiglia.it\/wp\/?p=734"},"modified":"2014-08-25T11:37:12","modified_gmt":"2014-08-25T09:37:12","slug":"larena-venerdi-28-marzo-2014-studenti-veronesi-a-palermo-viaggio-tra-memoria-e-legalita","status":"publish","type":"post","link":"https:\/\/www.prospettivafamiglia.it\/?p=734","title":{"rendered":"L&#8217;Arena &#8211; venerd\u00ec 28 marzo 2014 : Studenti veronesi a Palermo, viaggio tra memoria e legalit\u00e0"},"content":{"rendered":"<h2 style=\"clear: both; font-weight: normal; font-size: 14px; line-height: 18px; font-family: arial, Times, serif; color: #666666; padding-bottom: 10px; margin-top: 0px; margin-bottom: 0px;\">SCUOLA E FORMAZIONE. Tre classi quarte dell&#8217;istituto Pasoli hanno concluso in Sicilia il progetto di un anno<\/h2>\n<p style=\"text-align: center;\"><img decoding=\"async\" class=\" size-full wp-image-732\" src=\"http:\/\/www.prospettivafamiglia.it\/wp\/wp-content\/uploads\/2014\/03\/ar2803.png\" border=\"0\" width=\"600\" width=\"1005\" height=\"917\" \/><\/p>\n<h1 style=\"clear: both; font-weight: bold; line-height: 26px; font-family: Times, serif; color: #000000; padding-bottom: 5px; margin-bottom: 0px;\">Studenti veronesi a Palermo,<br \/>viaggio tra memoria e legalit\u00e0<\/h1>\n<h2 style=\"clear: both; font-weight: normal; font-size: 14px; line-height: 18px; font-family: arial, Times, serif; color: #666666; padding-bottom: 10px; margin-top: 0px; margin-bottom: 0px;\">Maria Falcone ai ragazzi: \u00abFate sempre il vostro dovere\u00bb. E poi: \u00abCosa nostra \u00e8 al tappeto, il potere \u00e8 della &#8216;ndrangheta al Nord\u00bb<\/h2>\n<p><span style=\"color: #666666; font-family: Helvetica, Arial, sans-serif; font-size: 14.399999618530273px; line-height: 18px; text-align: justify;\">Un tour a Palermo tra memoria e legalit\u00e0 quello che si conclude in queste ore per gli oltre quaranta studenti di tre classi quarte dell&#8217;Istituto tecnico Pasoli in trasferta a Palermo a conclusione di un progetto che nel corso dell&#8217;anno scolastico ha visto le classi della scuola impegnate in varie iniziative, dagli incontri con il giudice Giuseppe Ayala e l&#8217;ex pm Gherardo Colombo alla trasferta a Torino dal Gruppo Abele di don Luigi Ciotti ispiratore di Libera. <\/span><br style=\"color: #666666; font-family: Helvetica, Arial, sans-serif; font-size: 14.399999618530273px; line-height: 18px; text-align: justify;\" \/><span style=\"color: #666666; font-family: Helvetica, Arial, sans-serif; font-size: 14.399999618530273px; line-height: 18px; text-align: justify;\">Palermo \u00e8 stato il coronamento del progetto legalit\u00e0 che ha visto le classi 4A Sia, 4A Afm e 4B Afm accolte nella Fondazione Giovanni e Francesca Falcone dalla sorella del magistrato ucciso nella strage di Capaci, Maria Falcone. Un incontro molto toccante, che ha lasciato emozioni forti ai ragazzi e alle quattro professoresse che li accompagnavano, Daniela Galletta, Silvia Pasquetto, Laura Brunelli e Silvana Bianchi. Maria Falcone, ricevendo la scolaresca veronese nelle sale della Fondazione ricavate in un immobile confiscato alla mafia (erano gli uffici di una finanziaria) ha parlato ai giovani in modo molto schietto e diretto. \u00abNon pensiate che solo perch\u00e9 vivete al Nord siete liberi dal pericolo della mafia. La mafia va dove ci sono gli affari e il denaro: Giovanni riusc\u00ec a dimostrare proprio il riciclaggio, seguendo il denaro\u00bb.<\/span><br style=\"color: #666666; font-family: Helvetica, Arial, sans-serif; font-size: 14.399999618530273px; line-height: 18px; text-align: justify;\" \/><span style=\"color: #666666; font-family: Helvetica, Arial, sans-serif; font-size: 14.399999618530273px; line-height: 18px; text-align: justify;\">E il termine \u00abmafia\u00bb va esteso oltre la Sicilia: \u00abLa mafia intesa come Cosa nostra pu\u00f2 anche essere al tappeto, dopo che i grandi capi sono stati arrestati, da Riina a Provenzano. Di grossi latitanti \u00e8 rimasto Matteo Messina Denaro e il potere di Cosa nostra non \u00e8 pi\u00f9 quello di una volta\u00bb, ha spiegato Maria Falcone. \u00abMa tutto quel potere si \u00e8 spostato. Dove? In Calabria. La &#8216;ndrangheta ha trovato terreno fertile diventando pi\u00f9 forte anche della camorra e come mi diceva il presidente del Senato Grasso, \u00e8 presente ormai in ogni Stato nel mondo\u00bb.<\/span><br style=\"color: #666666; font-family: Helvetica, Arial, sans-serif; font-size: 14.399999618530273px; line-height: 18px; text-align: justify;\" \/><span style=\"color: #666666; font-family: Helvetica, Arial, sans-serif; font-size: 14.399999618530273px; line-height: 18px; text-align: justify;\">Perch\u00e9 la mafia si sposta dalla Sicilia alla Calabria? \u00abPerch\u00e9 dopo le grandi stragi, da Capaci a via D&#8217;Amelio, in Sicilia c&#8217;\u00e8 stata una ribellione civile che altrove deve ancora verificarsi; in Calabria non c&#8217;\u00e8 ancora tutto quell&#8217;impegno civile contro la criminalit\u00e0 e il potere mafioso che si \u00e8 avuto in Sicilia. La morte di Giovanni Falcone e di Paolo Borsellino non sono state quindi una sconfitta, ma hanno permesso un impegno civile che ha portato a un cambiamento della societ\u00e0 palermitana. In Calabria ci vorrebbe un forte movimento civile e anche pi\u00f9 attenzione da parte dello Stato, perch\u00e9 la repressione \u00e8 importante ma non basta: ci deve essere la ribellione della societ\u00e0\u00bb.<\/span><br style=\"color: #666666; font-family: Helvetica, Arial, sans-serif; font-size: 14.399999618530273px; line-height: 18px; text-align: justify;\" \/><span style=\"color: #666666; font-family: Helvetica, Arial, sans-serif; font-size: 14.399999618530273px; line-height: 18px; text-align: justify;\">Il nemico da battere, infatti ha sottolineato Maria Falcone parlando agli studenti \u00ab\u00e8 l&#8217;indifferenza\u00bb. E ha ricordato che \u00abil primo pentito di mafia, Vitale, che a fine anni Settanta raccont\u00f2 tutto ai magistrati di allora non venne creduto. Rilasciato, fu ucciso dalla mafia\u00bb.<\/span><br style=\"color: #666666; font-family: Helvetica, Arial, sans-serif; font-size: 14.399999618530273px; line-height: 18px; text-align: justify;\" \/><span style=\"color: #666666; font-family: Helvetica, Arial, sans-serif; font-size: 14.399999618530273px; line-height: 18px; text-align: justify;\">La mancanza di partecipazione civile \u00ab\u00e8 quello che consente alla mafia o alla &#8216;ndrangheta di infiltrarsi nel tessuto sano della societ\u00e0, nell&#8217;economia, nelle imprese e di strangolarle. Quindi\u00bb, \u00e8 stato l&#8217;invito agli studenti, \u00abcome diceva sempre Giovanni Falcone, l&#8217;importante \u00e8 che facciate il vostro dovere: di adolescenti, di adulti, di genitori, di lavoratori\u00bb. Il dovere cio\u00e8 di \u00abandare a testa alta, di rigettare la mafiosit\u00e0 intesa come mancanza di partecipazione alla causa civile\u00bb.<\/span><br style=\"color: #666666; font-family: Helvetica, Arial, sans-serif; font-size: 14.399999618530273px; line-height: 18px; text-align: justify;\" \/><span style=\"color: #666666; font-family: Helvetica, Arial, sans-serif; font-size: 14.399999618530273px; line-height: 18px; text-align: justify;\">Il tour della memoria e della legalit\u00e0 ha portato le tre classi del Pasoli al Centro studi e iniziative culturali Pio La Torre, poi sul luogo della strage di Capaci e quindi in via Notarbartolo sotto l&#8217;Albero della Memoria davanti alla casa dove abitava Giovanni Falcone con Francesca Morvillo, infine in via Pipitone dove un&#8217;autobomba uccise sul portone di casa il giudice istruttore Rocco Chinnici, il primo a credere nel pool antimafia con Falcone e Borsellino. E proprio con il figlio di Paolo Borsellino, Manfredi, c&#8217;\u00e8 stato un incontro nelle vie di Palermo con la promessa di un progetto comune a Verona entro breve.<\/span><\/p>\n<p><span style=\"color: #666666; font-family: Helvetica, Arial, sans-serif; font-size: 14.399999618530273px; line-height: 18px; text-align: justify;\"><a href=\"http:\/\/www.prospettivafamiglia.it\/wp\/wp-content\/uploads\/2014\/03\/cr8.pdf\">Scarica qui l&#8217;articolo originale<\/a><\/span><\/p>\n<p><span style=\"color: #666666; font-family: Helvetica, Arial, sans-serif; font-size: 14.399999618530273px; line-height: 18px; text-align: justify;\"><br \/><\/span><\/p>\n","protected":false},"excerpt":{"rendered":"<p>SCUOLA E FORMAZIONE. Tre classi quarte dell&#8217;istituto Pasoli hanno concluso in Sicilia il progetto di un anno Studenti veronesi a Palermo,viaggio tra memoria e legalit\u00e0 Maria Falcone ai ragazzi: \u00abFate sempre il vostro dovere\u00bb. E poi: \u00abCosa nostra \u00e8 al tappeto, il potere \u00e8 della &#8216;ndrangheta al Nord\u00bb Un tour a Palermo tra memoria e [&hellip;]<\/p>\n","protected":false},"author":1,"featured_media":732,"comment_status":"closed","ping_status":"closed","sticky":false,"template":"","format":"standard","meta":{"jnews-multi-image_gallery":[],"jnews_single_post":[],"jnews_primary_category":[],"jnews_social_meta":[],"jnews_override_counter":[],"footnotes":""},"categories":[26,104],"tags":[],"class_list":["post-734","post","type-post","status-publish","format-standard","has-post-thumbnail","hentry","category-rassegna-stampa","category-viaggi-della-legalita"],"_links":{"self":[{"href":"https:\/\/www.prospettivafamiglia.it\/index.php?rest_route=\/wp\/v2\/posts\/734","targetHints":{"allow":["GET"]}}],"collection":[{"href":"https:\/\/www.prospettivafamiglia.it\/index.php?rest_route=\/wp\/v2\/posts"}],"about":[{"href":"https:\/\/www.prospettivafamiglia.it\/index.php?rest_route=\/wp\/v2\/types\/post"}],"author":[{"embeddable":true,"href":"https:\/\/www.prospettivafamiglia.it\/index.php?rest_route=\/wp\/v2\/users\/1"}],"replies":[{"embeddable":true,"href":"https:\/\/www.prospettivafamiglia.it\/index.php?rest_route=%2Fwp%2Fv2%2Fcomments&post=734"}],"version-history":[{"count":0,"href":"https:\/\/www.prospettivafamiglia.it\/index.php?rest_route=\/wp\/v2\/posts\/734\/revisions"}],"wp:featuredmedia":[{"embeddable":true,"href":"https:\/\/www.prospettivafamiglia.it\/index.php?rest_route=\/wp\/v2\/media\/732"}],"wp:attachment":[{"href":"https:\/\/www.prospettivafamiglia.it\/index.php?rest_route=%2Fwp%2Fv2%2Fmedia&parent=734"}],"wp:term":[{"taxonomy":"category","embeddable":true,"href":"https:\/\/www.prospettivafamiglia.it\/index.php?rest_route=%2Fwp%2Fv2%2Fcategories&post=734"},{"taxonomy":"post_tag","embeddable":true,"href":"https:\/\/www.prospettivafamiglia.it\/index.php?rest_route=%2Fwp%2Fv2%2Ftags&post=734"}],"curies":[{"name":"wp","href":"https:\/\/api.w.org\/{rel}","templated":true}]}}