{"id":7558,"date":"2018-12-04T12:09:01","date_gmt":"2018-12-04T11:09:01","guid":{"rendered":"http:\/\/www.prospettivafamiglia.it\/?p=7558"},"modified":"2018-12-04T12:09:01","modified_gmt":"2018-12-04T11:09:01","slug":"3-dicembre-2018-convegno-alla-camera-dei-deputati-prospettiva-famiglia-la-sfida-educativa-che-non-finisce-mai-relazione","status":"publish","type":"post","link":"https:\/\/www.prospettivafamiglia.it\/?p=7558","title":{"rendered":"3 dicembre 2018 &#8211; Convegno alla Camera dei Deputati  PROSPETTIVA FAMIGLIA: LA SFIDA EDUCATIVA CHE NON FINISCE MAI ( Relazione )"},"content":{"rendered":"<p style=\"text-align: center;\"><strong>Convegno alla Camera dei Deputati<\/strong><\/p>\n<p style=\"text-align: center;\"><strong>PROSPETTIVA FAMIGLIA: LA SFIDA EDUCATIVA CHE NON FINISCE MAI <\/strong><\/p>\n<p style=\"text-align: center;\"><strong>3 dicembre 2018 \u2013 Roma, Palazzo San Macuto<\/strong><\/p>\n<p>&nbsp;<\/p>\n<p>Organizzatori:<\/p>\n<ul>\n<li>Alessia Rotta<\/li>\n<li>Stefano Bertacco<\/li>\n<li>ssa Maria Rita Parsi<\/li>\n<li>Pierpaolo Romani<\/li>\n<li>Agnese Moro<\/li>\n<\/ul>\n<p>A 10 anni dalla sua nascita, la nostra Associazione vive uno dei momenti culminanti della sua storia per solennit\u00e0 e prestigio. L\u2019invito alla Camera dei Deputati per la giornata odierna \u00e8 l\u00ec a rappresentare che qualcuno si \u00e8 accorto di questa realt\u00e0 che in questi anni ha assunto un ruolo non secondario nel panorama delle associazioni che si occupano della famiglia, dei\u00a0 giovani e della necessit\u00e0 improrogabile di costruire relazioni valide e virtuose.<\/p>\n<p>L\u2019attenzione che abbiamo suscitato ha fatto s\u00ec che fossimo invitati nientepopodimenoche nel cuore delle Istituzioni repubblicane, a testimoniare un percorso, un impegno, una passione che viviamo da anni e che ci ha portato a risvegliare in molte famiglie una sana attenzione alla genitorialit\u00e0, una sana spinta a migliorarsi \u2013 genitori, nonni, figli \u2013 per curare i grandi mali della famiglia, per creare i presupposti di generazioni future preparate e sicure di s\u00e9, pronte ad affrontare le grandi battaglie della vita.<\/p>\n<p>Ecco allora \u2013 nella magica cornice della Sala del Refettorio di Palazzo San Macuto \u2013 a testimoniare il lavoro con alcuni specifici approfondimenti nei settori della scuola per genitori, della prevenzione dei disagi, della cittadinanza attiva e consapevole ed infine dello stretto legame con le scuole sotto l\u2019egida di quella convenzione con la rete \u201cScuola e Territorio: Educare insieme\u201d che fu stipulata nel 2015.<\/p>\n<p>Purtroppo, il sen. Bertacco non ha potuto intervenire per un impegno dell\u2019ultimo momento; preziosa, invece, l\u2019introduzione dell\u2019on. Rotta, che ha dichiarato tutta la sua stima per il lavoro da noi svolto e per i risultati raggiunti.<\/p>\n<p>Ha preso poi il via il tavolo tecnico con 5 presentazioni estremamente preziose ed interessanti. Dopo l\u2019introduzione del sottoscritto, hanno preso la parola, nell\u2019ordine: la prof.ssa Daniela Galletta, referente del progetto Scuola per Genitori, l\u2019avv. Sabrina De Santi, nel suo ruolo di referente per la consulenza legale sulla famiglia, la dr.ssa Stefania Zivelonghi, quale referente per l\u2019ambito della legalit\u00e0 e cittadinanza consapevole ed infine l\u2019ispettrice Laura Don\u00e0 con la sua ampia e profonda conoscenza della scuola e delle normative che ne disciplinano il funzionamento.<\/p>\n<p>La prof.ssa Galletta ha proposto un ampio <em>excursus<\/em> sul progetto Scuola per Genitori di questi 10 anni, toccando i momenti pi\u00f9 avvincenti che hanno caratterizzato questo cammino e sottolineando che tutto nacque dalla grave crisi educativa avvertita nel 2008 di fronte a gravi situazioni dei ragazzi e quindi delle loro famiglie. L\u2019intervento si \u00e8 chiuso, citando una frase di Domenico Quirico: \u201cGrazie a PF per l\u2019impegno che mette in atto per realizzare la straordinaria banalit\u00e0 del Bene\u201d<\/p>\n<p>Subito dopo, la parola \u00e8 passata all\u2019avv. De Santi che ha ribadito l\u2019importanza di prevenire piuttosto che curare certi problemi; proprio lei che, per la sua professione di avvocato, interviene troppo spesso per reprimere certi fenomeni devianti all\u2019interno della famiglia, dichiara che sarebbe di gran lunga preferibile che certi fenomeni fossero neutralizzati preventivamente piuttosto che gestirli dopo che sono esplosi in tutta la loro gravit\u00e0.<\/p>\n<p>Poi ha preso la parola la dott.ssa Zivelonghi che ha dichiarato come il suo ruolo di referente per l\u2019ambito della legalit\u00e0 e cittadinanza consapevole l\u2019abbia stimolata anche nel suo lavoro di dottore commercialista e di consigliere dell\u2019omonimo Ordine di Verona, a condurre la battaglia contro i comportamenti scorretti e collusivi e per far questo ha raccolto le forze migliori degli ordini professionali veronesi (architetti, ingegneri, medici, dottori commercialisti, -..) per fare fronte comune nei confronti dei comportamenti illeciti. Infine, la dr.ssa Zivelonghi ha ricordato l\u2019importanza delle parole: esse danno manifestazione al nostro pensiero, esse possono pesare come macigni, possono dar luogo alla calunnia e possono sottendere un modo di pensare e quindi di vivere non coerenti e non virtuosi.<\/p>\n<p>Infine, sempre nel tavolo tecnico, ha preso la parole l\u2019ispettrice Don\u00e0 che ha ricordato sia l convenzione del 2015 con cui si \u00e8 stretta questa alleanza con le 47 scuole del territorio e sia l\u2019importanza della scuola nell\u2019affrontare le problematiche dei giovani, problematiche che per\u00f2, come detto, per essere efficaci vanno affrontate insieme ai genitori. Da qui l\u2019articolo pubblicato sulla <em>Rivista dell\u2019istruzione<\/em> nel 2016 che invitava famiglie\u00a0 e studenti a mettersi ni rete e nella rete. Questo per un principio fondamentale di fare gruppo e sviluppare atteggiamenti di collaborazione e non di competizione.<\/p>\n<p>Il tavolo tecnico ha lasciato poi spazio al tavolo istituzionale, composto da Pierpaolo Romani, Agnese Moro e Maria Rita Parsi.<\/p>\n<p>Il giornalista dr. Pierpaolo Romani ha ripreso il concetto dell\u2019importanza delle parole ed ha sottolineato l\u2019importanza di partire dal bello che c\u2019\u00e8 nei giovani; un modo efficace per dare visibilit\u00e0 al bello; egli ha ricordato tutte le battaglie che ha combattuto e combatte tuttora contro la mafia; battaglie che ha condotto spesso al fianco di Prospettiva Famiglia.<\/p>\n<p>La prof.ssa Parsi, invece, ha richiamato l\u2019attenzione sull\u2019opportunit\u00e0 che molte ragazze trovino il proprio San Giuseppe, una figura che ha sempre assecondato Maria ed ha sempre camminato un metro dietro di lei, pronto ad intervenire in suo aiuto; essa ha anche sottolineato la necessit\u00e0 di tutelare i fanciulli perch\u00e9 da loro dipendo il nostro futuro.<\/p>\n<p>Agnese Moro, con la sua pacatezza e la sua dolcezza, ci ha parlato delle tre solitudini che oggi spesso si avvertono: la solitudine della famiglia, la solitudine della scuola e la solitudine della societ\u00e0. La solitudine della famiglia riporta ad un disagio legato sia al fatto che le singole famiglie spesso finiscono per chiudersi dentro le proprie abitazioni-fortino e sia al fatto che all\u2019interno della famiglia non di rado non si fa squadra. Solitudine della scuola legata al fatto che qualche scuola ancora non fa rete e non cerca di mettere sul comune piatto dell\u2019impegno e della formazione le proprie potenzialit\u00e0, Infine, solitudine della societ\u00e0, che sembra a prima vista una contraddizione, ma non lo \u00e8 e riflette la mancanza nelle societ\u00e0 di oggi di punti di aggregazione dove il singolo possa consolidare le proprie qualit\u00e0.<\/p>\n<p>Da tutti questi interventi emerge tanto affetto per la nostra Associazione e apprezzamento per la quantit\u00e0 e qualit\u00e0 del lavoro svolto in questi anni. Una citazione anche per Luciana Marconcini, dirigente scolastica in quiescenza che ha saputo moderare il dibattito con grande professionalit\u00e0 e competenza.<\/p>\n<p>Infine, le testimonianze preziose di Matteo Scolari e di Mauro Spada, che hanno voluto fissare nella mente del pubblico situazioni concrete in cui il ruolo di Prospettiva Famiglia \u00e8 stato palpabile nella reazione di genitori che si sono svegliati da un certo torpore educativo.<\/p>\n<p>Una giornata splendida per la nostra Associazione, che ci inorgoglisce e ci spinge ancor pi\u00f9 a proseguire nel cammino intrapreso; una giornata in cui Prospettiva Famiglia \u00e8 entrata nel cuore pulsante delle Istituzioni e in cui ha ricevuto da queste il sigillo per l\u2019opera svolta. Una giornata che ci ha permesso di visitare questi splendidi luoghi, cos\u00ec ricchi di storia. Grande gioia, pertanto, per questa giornata suggellata dalla visita all\u2019aula di Montecitorio nel pomeriggio, dove le mura trasudano il prestigio e lo spessore delle personalit\u00e0 politiche che hanno fatto grande questo Paese.<br \/>\nE noi, nel nostro piccolo, cerchiamo di renderlo sempre pi\u00f9 grande.<\/p>\n<p>A presto.<\/p>\n<p>&nbsp;<\/p>\n<p><strong>Per PROSPETTIVA FAMIGLIA<\/strong><\/p>\n<p>dott. Paolo STEFANO<\/p>\n","protected":false},"excerpt":{"rendered":"<p>Convegno alla Camera dei Deputati PROSPETTIVA FAMIGLIA: LA SFIDA EDUCATIVA CHE NON FINISCE MAI 3 dicembre 2018 \u2013 Roma, Palazzo San Macuto &nbsp; Organizzatori: Alessia Rotta Stefano Bertacco ssa Maria Rita Parsi Pierpaolo Romani Agnese Moro A 10 anni dalla sua nascita, la nostra Associazione vive uno dei momenti culminanti della sua storia per solennit\u00e0 [&hellip;]<\/p>\n","protected":false},"author":1,"featured_media":7559,"comment_status":"closed","ping_status":"closed","sticky":false,"template":"","format":"standard","meta":{"jnews-multi-image_gallery":[],"jnews_single_post":{"source_name":"","source_url":"","via_name":"","via_url":"","override_template":"0","override":[{"template":"1","single_blog_custom":"","parallax":"1","fullscreen":"0","layout":"right-sidebar","sidebar":"default-sidebar","second_sidebar":"default-sidebar","sticky_sidebar":"1","share_position":"top","share_float_style":"share-monocrhome","show_share_counter":"1","show_view_counter":"1","show_featured":"1","show_post_meta":"1","show_post_author":"1","show_post_author_image":"1","show_post_date":"1","post_date_format":"default","post_date_format_custom":"Y\/m\/d","show_post_category":"1","show_post_tag":"1","show_prev_next_post":"1","show_popup_post":"1","number_popup_post":"1","show_author_box":"0","show_post_related":"1","show_inline_post_related":"0"}],"override_image_size":"0","image_override":[{"single_post_thumbnail_size":"crop-500","single_post_gallery_size":"crop-500"}],"trending_post":"0","trending_post_position":"meta","trending_post_label":"Trending"},"jnews_primary_category":{"id":""},"jnews_social_meta":{"fb_title":"","fb_description":"","fb_image":"","twitter_title":"","twitter_description":"","twitter_image":""},"jnews_override_counter":[],"footnotes":""},"categories":[178,156],"tags":[],"class_list":["post-7558","post","type-post","status-publish","format-standard","has-post-thumbnail","hentry","category-eventi-speciali","category-relazioni"],"_links":{"self":[{"href":"https:\/\/www.prospettivafamiglia.it\/index.php?rest_route=\/wp\/v2\/posts\/7558","targetHints":{"allow":["GET"]}}],"collection":[{"href":"https:\/\/www.prospettivafamiglia.it\/index.php?rest_route=\/wp\/v2\/posts"}],"about":[{"href":"https:\/\/www.prospettivafamiglia.it\/index.php?rest_route=\/wp\/v2\/types\/post"}],"author":[{"embeddable":true,"href":"https:\/\/www.prospettivafamiglia.it\/index.php?rest_route=\/wp\/v2\/users\/1"}],"replies":[{"embeddable":true,"href":"https:\/\/www.prospettivafamiglia.it\/index.php?rest_route=%2Fwp%2Fv2%2Fcomments&post=7558"}],"version-history":[{"count":0,"href":"https:\/\/www.prospettivafamiglia.it\/index.php?rest_route=\/wp\/v2\/posts\/7558\/revisions"}],"wp:featuredmedia":[{"embeddable":true,"href":"https:\/\/www.prospettivafamiglia.it\/index.php?rest_route=\/wp\/v2\/media\/7559"}],"wp:attachment":[{"href":"https:\/\/www.prospettivafamiglia.it\/index.php?rest_route=%2Fwp%2Fv2%2Fmedia&parent=7558"}],"wp:term":[{"taxonomy":"category","embeddable":true,"href":"https:\/\/www.prospettivafamiglia.it\/index.php?rest_route=%2Fwp%2Fv2%2Fcategories&post=7558"},{"taxonomy":"post_tag","embeddable":true,"href":"https:\/\/www.prospettivafamiglia.it\/index.php?rest_route=%2Fwp%2Fv2%2Ftags&post=7558"}],"curies":[{"name":"wp","href":"https:\/\/api.w.org\/{rel}","templated":true}]}}