{"id":770,"date":"2014-04-16T15:08:08","date_gmt":"2014-04-16T13:08:08","guid":{"rendered":"http:\/\/www.prospettivafamiglia.it\/wp\/?p=770"},"modified":"2014-08-25T11:37:01","modified_gmt":"2014-08-25T09:37:01","slug":"intervista-telepace-a-davide-nelfi-studente-ites-pasoli-4asia-che-ha-partecipato-ai-viaggi-della-legalita-palermo-fondazione-falcone-e-con-maria-falcone-direttamente-da-palermo-2","status":"publish","type":"post","link":"https:\/\/www.prospettivafamiglia.it\/?p=770","title":{"rendered":"Ecco i tre slide show dei tre event legati alla legalit\u00e0 i: viaggi della legalit\u00e0 Palermo, lo scandalo dell&#8217;onest\u00e0, educazione alla legalit\u00e0 con GIANCARLO Caselli"},"content":{"rendered":"<p><span style=\"font-size: medium;\">7 APRILE 2014 &#8211; IINCONTRO CON IL DOTT. GIANCARLO CASELLI E IL DOTT. GUIDO PAPALIA \u201cLAVORARE PER LA GIUSTIZIA E\u2019 LAVORARE PER LA PACE\u201d :<\/span><\/p>\n<p>[ot-video type=&#8221;youtube&#8221; url=&#8221;http:\/\/youtu.be\/MioMw2OpBZU&#8221;]<\/p>\n<p>&nbsp;<\/p>\n<p><span style=\"font-size: medium;\">Marzo 2014 : Studenti veronesi a Palermo, viaggio tra memoria e legalit\u00e0 :<\/span><\/p>\n<p>[ot-video type=&#8221;youtube&#8221; url=&#8221;http:\/\/youtu.be\/4hrPIz6_nAI&#8221;]<\/p>\n<p>&nbsp;<\/p>\n<p><span style=\"font-size: medium;\">3 APRILE 2014 : Dott. Gianpaolo Trevisi &#8211; LO SCANDALO DELL\u2019ONESTA\u2019:<\/span><\/p>\n<p>[ot-video type=&#8221;youtube&#8221; url=&#8221;http:\/\/youtu.be\/hxwtzwINlH8&#8243;]<\/p>\n","protected":false},"excerpt":{"rendered":"<p>7 APRILE 2014 &#8211; IINCONTRO CON IL DOTT. GIANCARLO CASELLI E IL DOTT. GUIDO PAPALIA \u201cLAVORARE PER LA GIUSTIZIA E\u2019 LAVORARE PER LA PACE\u201d : [ot-video type=&#8221;youtube&#8221; url=&#8221;http:\/\/youtu.be\/MioMw2OpBZU&#8221;] &nbsp; Marzo 2014 : Studenti veronesi a Palermo, viaggio tra memoria e legalit\u00e0 : [ot-video type=&#8221;youtube&#8221; url=&#8221;http:\/\/youtu.be\/4hrPIz6_nAI&#8221;] &nbsp; 3 APRILE 2014 : Dott. Gianpaolo Trevisi &#8211; LO [&hellip;]<\/p>\n","protected":false},"author":1,"featured_media":1141,"comment_status":"closed","ping_status":"closed","sticky":false,"template":"","format":"standard","meta":{"jnews-multi-image_gallery":[],"jnews_single_post":[],"jnews_primary_category":[],"jnews_social_meta":[],"jnews_override_counter":[],"footnotes":""},"categories":[41,104],"tags":[],"class_list":["post-770","post","type-post","status-publish","format-standard","has-post-thumbnail","hentry","category-mediateca","category-viaggi-della-legalita"],"_links":{"self":[{"href":"https:\/\/www.prospettivafamiglia.it\/index.php?rest_route=\/wp\/v2\/posts\/770","targetHints":{"allow":["GET"]}}],"collection":[{"href":"https:\/\/www.prospettivafamiglia.it\/index.php?rest_route=\/wp\/v2\/posts"}],"about":[{"href":"https:\/\/www.prospettivafamiglia.it\/index.php?rest_route=\/wp\/v2\/types\/post"}],"author":[{"embeddable":true,"href":"https:\/\/www.prospettivafamiglia.it\/index.php?rest_route=\/wp\/v2\/users\/1"}],"replies":[{"embeddable":true,"href":"https:\/\/www.prospettivafamiglia.it\/index.php?rest_route=%2Fwp%2Fv2%2Fcomments&post=770"}],"version-history":[{"count":0,"href":"https:\/\/www.prospettivafamiglia.it\/index.php?rest_route=\/wp\/v2\/posts\/770\/revisions"}],"wp:featuredmedia":[{"embeddable":true,"href":"https:\/\/www.prospettivafamiglia.it\/index.php?rest_route=\/wp\/v2\/media\/1141"}],"wp:attachment":[{"href":"https:\/\/www.prospettivafamiglia.it\/index.php?rest_route=%2Fwp%2Fv2%2Fmedia&parent=770"}],"wp:term":[{"taxonomy":"category","embeddable":true,"href":"https:\/\/www.prospettivafamiglia.it\/index.php?rest_route=%2Fwp%2Fv2%2Fcategories&post=770"},{"taxonomy":"post_tag","embeddable":true,"href":"https:\/\/www.prospettivafamiglia.it\/index.php?rest_route=%2Fwp%2Fv2%2Ftags&post=770"}],"curies":[{"name":"wp","href":"https:\/\/api.w.org\/{rel}","templated":true}]}}