{"id":8625,"date":"2019-11-15T09:55:37","date_gmt":"2019-11-15T08:55:37","guid":{"rendered":"https:\/\/www.prospettivafamiglia.it\/?p=8625"},"modified":"2019-11-15T10:02:09","modified_gmt":"2019-11-15T09:02:09","slug":"14-11-2019-i-giovani-e-il-mondo-del-lavoro-oggi-esperienze-concrete-di-ragazzi-veronesi-relazione","status":"publish","type":"post","link":"https:\/\/www.prospettivafamiglia.it\/?p=8625","title":{"rendered":"14-11-2019- \u201dI giovani e il mondo del lavoro oggi: esperienze concrete di ragazzi veronesi\u201d (RELAZIONE e REG.AUDIO)"},"content":{"rendered":"<p style=\"text-align: center;\"><strong>Progetto \u201cScuola per Genitori 2019-2020\u201d<\/strong><\/p>\n<p style=\"text-align: center;\"><strong>Veronica, Niccol\u00f2 e Camilla<\/strong><\/p>\n<p style=\"text-align: center;\"><strong>\u201dI giovani e il mondo del lavoro oggi: esperienze concrete di ragazzi veronesi\u201d <\/strong><\/p>\n<p style=\"text-align: center;\"><strong>14 novembre 2019 \u2013 Centro civico \u201cN.Tommasoli\u201d<\/strong><\/p>\n<p>Relatori: Veronica,. Niccol\u00f2 e Camilla<\/p>\n<p>Questa sera il pubblico di Prospettiva Famiglia ha incontrato il mondo del lavoro ed in particolare tre giovani che rappresentano dei casi di successo nel tragitto che porta dal termine della scuola all\u2019ingresso nel mondo del lavoro. Discreta l\u2019affluenza di pubblico, davanti ad un tema che riguarda ragazzi, troppo grandi per essere ancora \u201caccuditi\u201d dai genitori e troppo giovani per districarsi da soli in un mercato \u2013 quello del lavoro \u2013 dominato da regolamentazioni non sempre facili e da dinamiche altrettanto complesse. Si \u00e8 voluto, su idea dei nostri Alberto Tosi e Andrea Salandra, che fossero proprio i protagonisti a raccontare s\u00e9 stessi, che fosse dalla loro viva voce che il pubblico sentisse come hanno vissuto i loro momenti di difficolt\u00e0, quelli in cui tutto sembrava svanire, quelli del pianto e dello scoramento, ma anche quelli della speranza e del successo. Ma soprattutto, che sentissero da loro, i momenti in cui hanno tirato fuori dalla loro faretra, la freccia della determinazione. DETERMINAZIONE, una parola che ha rappresentato per tutti e tre, l\u2019elemento vincente, il surplus che ha permesso di superare l\u2019asticella e di entrare a far parte della classe lavoratrice. Camilla ha raccontato di come \u2013 prima per motivi di studio e poi per lavoro \u2013 abbia lasciato la sua bella terra di Sardegna; con un padre medico e degli studi superiori al liceo linguistico, fu indotta a cimentarsi in ambito economico e cos\u00ec affront\u00f2 quella che le sembrava una fra le universit\u00e0 pi\u00f9 titolate, ossia quella di Padova; dal sole della Sardegna alla nebbia e al freddo di Padova, non \u00e8 stato un passaggio semplice, ma dapprima super\u00f2 gli esami di ingresso e successivamente, quando ancora non aveva terminato il cursus scolastico, fu contattata da uno nota multinazionale che opera nel settore della consulenza, e dopo tre colloqui successivi in un caldissimo giorno di inizio agosto del 2017, fu assunta nel ruolo di analista di bilancio. A navigare fra <em>ratio<\/em> e voci di Stato Patrimoniale e di Conto economico, si \u00e8 subito trovata a suo agio, ma non si vuole \u201csedere\u201d ed \u00e8 sempre attenta a ci\u00f2 che succede nel suo settore per capire se \u00e8 possibile fare un altro salto, laterale (passando dai bilanci al marketing) o verticale (ascendendo nella scala gerarchica). I suggerimenti della nonna, quando rientrava in Sardegna, e le indicazioni del padre le hanno permesso di seguire la rotta senza perdere di vista il porto di arrivo.<\/p>\n<p>Poi Niccol\u00f2, che dopo aver frequentato le Sanmicheli, si \u00e8 iscritto a Scienze infermieristiche per conseguire la triennale; ma aveva gi\u00e0 capito che era pi\u00f9 portato per il sociale che per la medicina ed ha quindi conseguito la laurea in Pedagogia del disagio sociale; qualche mese alla cassa di un grande supermercato gli ha fatto capire che non poteva essere quella la sua strada; poi, finalmente, \u00e8 arrivata l\u2019occasione che aspettava dalla Pia Opera Ciccarelli, dove si trova estremamente bene perch\u00e9 \u201cle giornate volano e sente dentro di s\u00e9 un piacere ed una soddisfazione che gli fanno dimenticare la difficolt\u00e0 delle ore passate al lavoro\u201d. Infine Veronica, una ragazza che per frequentare l\u2019universit\u00e0 \u2013 prima Padova e poi Bologna \u2013 aveva un po\u2019 snobbato Verona ed ora \u00e8 tornata a frequentarla ed apprezzarla. Una ragazza, anch\u2019essa &#8211; come Niccol\u00f2 \u2013 impegnata nel settore socio-sanitario, che ricorda con grande nostalgia gli anni dell\u2019universit\u00e0, dove ha consolidato la sua personalit\u00e0 e la sua preparazione e dove ha avuto l\u2019occasione di fare esperienze estremamente forti sul piano emotivo e professionale. Ha vissuto infatti per un anno in realt\u00e0 \u201cforti\u201d come il Brasile, prima nel Nord Est e poi al Sud, aiutando i ragazzi che uscivano dal carcere a ritrovare la strada per rientrare nella societ\u00e0 e ricollocarsi. Al termine della scuola, un massiccio \u201cbroadcast\u201d di mail finch\u00e9 un ente pubblico di Vicenza l\u2019ha richiesta; un\u2019esperienza di pochi mesi l\u2019aveva per\u00f2 convinta che \u2013 nonostante i vantaggi lavorativi (stipendio e sicurezza) \u2013 cercava qualcosa che le desse maggiori soddisfazioni nel lavoro anche se accompagnate da minori prospettive economiche. Ed eccola passare a Santa Giuliana a prestare la sua opera nel settore dell\u2019educazione sociale, il campo che pi\u00f9 le piace.<\/p>\n<p>Da tutti e tre \u00e8 arrivato il messaggio di non accontentarsi, il messaggio di ricercare il meglio specialmente sotto il profilo della realizzazione delle proprie competenze. Dal pubblico \u00e8 arrivata l\u2019importante considerazione che \u2013 oltre ad averci messo grande grinta e grande impegno \u2013 tutti i ragazzi di stasera hanno dato la sensazione di provenire da famiglie sane, con principi saldi e chiari, un humus che aveva molte probabilit\u00e0 di dare frutto e cos\u00ec \u00e8 stato.<\/p>\n<p>Anche loro, come la maggior parte degli studenti, hanno vissuto i loro momenti di sconforto, quelli del pianto, quelli in cui tutto sembra perduto: ma, come sempre, i momenti di difficolt\u00e0 e di crisi, sono spesso quelli che cementificano e rafforzano, creano quella corazza e quella voglia di rivincita che ci permette di gettare il cuore oltre l\u2019ostacolo.<\/p>\n<p>Un grazie sincero a questi ragazzi, che ci hanno portato la loro esperienza ed il loro vissuto ed un grazie ad Alberto Tosi che ha ricercato con pazienza questi \u201cesempi da imitare\u201d. La loro determinazione \u00e8 stata il motivo conduittore della serata e quindi chiudo con un celebre passo del discorso di auguri che Steve Jobs tenne il 12 giugno del 2005 ai laureandi dell\u2019Universit\u00e0 di Stanford in California:<\/p>\n<p>\u201cSTAY HUNGRY, STAY FOOLISH\u201d (\u201csiate affamati, siate folli\u201d).<\/p>\n<p>A presto.<\/p>\n<p>&nbsp;<\/p>\n<p><strong>Per PROSPETTIVA FAMIGLIA<\/strong><\/p>\n<p>dott. Paolo STEFANO<\/p>\n<p>&nbsp;<\/p>\n<p>Ascolta qui la registrazione della serata.<\/p>\n<div class=\"wp-playlist wp-audio-playlist wp-playlist-light\">\n\t\t\t<div class=\"wp-playlist-current-item\"><\/div>\n\t\t<audio controls=\"controls\" preload=\"none\" width=\"640\"\n\t\t\t><\/audio>\n\t<div class=\"wp-playlist-next\"><\/div>\n\t<div class=\"wp-playlist-prev\"><\/div>\n\t<noscript>\n\t<ol>\n\t\t<li><a href='https:\/\/www.prospettivafamiglia.it\/wp\/wp-content\/uploads\/2019\/11\/I_GIOVANI_E_IL_LAVORO_OGGI.MP3'>I GIOVANI E IL LAVORO OGGI - 14\/11\/2019<\/a><\/li>\t<\/ol>\n\t<\/noscript>\n\t<script type=\"application\/json\" class=\"wp-playlist-script\">{\"type\":\"audio\",\"tracklist\":false,\"tracknumbers\":true,\"images\":false,\"artists\":true,\"tracks\":[{\"src\":\"https:\/\/www.prospettivafamiglia.it\/wp\/wp-content\/uploads\/2019\/11\/I_GIOVANI_E_IL_LAVORO_OGGI.MP3\",\"type\":\"audio\/mpeg\",\"title\":\"I GIOVANI E IL LAVORO OGGI - 14\/11\/2019\",\"caption\":\"\",\"description\":\"\",\"meta\":{\"artist\":\"Veronica,. Niccol\\u00f2 e Camilla\",\"length_formatted\":\"1:36:22\"},\"image\":{\"src\":\"https:\/\/www.prospettivafamiglia.it\/wp\/wp-includes\/images\/media\/audio.svg\",\"width\":48,\"height\":64},\"thumb\":{\"src\":\"https:\/\/www.prospettivafamiglia.it\/wp\/wp-includes\/images\/media\/audio.svg\",\"width\":48,\"height\":64}}]}<\/script>\n<\/div>\n\t\n","protected":false},"excerpt":{"rendered":"<p>Progetto \u201cScuola per Genitori 2019-2020\u201d Veronica, Niccol\u00f2 e Camilla \u201dI giovani e il mondo del lavoro oggi: esperienze concrete di ragazzi veronesi\u201d 14 novembre 2019 \u2013 Centro civico \u201cN.Tommasoli\u201d Relatori: Veronica,. Niccol\u00f2 e Camilla Questa sera il pubblico di Prospettiva Famiglia ha incontrato il mondo del lavoro ed in particolare tre giovani che rappresentano dei [&hellip;]<\/p>\n","protected":false},"author":1,"featured_media":8626,"comment_status":"closed","ping_status":"closed","sticky":false,"template":"","format":"standard","meta":{"jnews-multi-image_gallery":[],"jnews_single_post":{"source_name":"","source_url":"","via_name":"","via_url":"","override_template":"0","override":[{"template":"1","single_blog_custom":"","parallax":"1","fullscreen":"0","layout":"right-sidebar","sidebar":"default-sidebar","second_sidebar":"default-sidebar","sticky_sidebar":"1","share_position":"top","share_float_style":"share-monocrhome","show_share_counter":"1","show_view_counter":"1","show_featured":"1","show_post_meta":"1","show_post_author":"1","show_post_author_image":"1","show_post_date":"1","post_date_format":"default","post_date_format_custom":"Y\/m\/d","show_post_category":"1","show_post_reading_time":"0","post_reading_time_wpm":"300","show_zoom_button":"0","zoom_button_out_step":"2","zoom_button_in_step":"3","show_post_tag":"1","show_prev_next_post":"1","show_popup_post":"1","number_popup_post":"1","show_author_box":"0","show_post_related":"0","show_inline_post_related":"0"}],"override_image_size":"0","image_override":[{"single_post_thumbnail_size":"crop-500","single_post_gallery_size":"crop-500"}],"trending_post":"0","trending_post_position":"meta","trending_post_label":"Trending"},"jnews_primary_category":{"id":"183"},"jnews_social_meta":{"fb_title":"","fb_description":"","fb_image":"","twitter_title":"","twitter_description":"","twitter_image":""},"jnews_override_counter":{"override_view_counter":"0","view_counter_number":"0","override_share_counter":"0","share_counter_number":"0","override_like_counter":"0","like_counter_number":"0","override_dislike_counter":"0","dislike_counter_number":"0"},"footnotes":""},"categories":[183,181],"tags":[],"class_list":["post-8625","post","type-post","status-publish","format-standard","has-post-thumbnail","hentry","category-relazioni-2019-2020","category-scuola-per-genitori-2019-20"],"_links":{"self":[{"href":"https:\/\/www.prospettivafamiglia.it\/index.php?rest_route=\/wp\/v2\/posts\/8625","targetHints":{"allow":["GET"]}}],"collection":[{"href":"https:\/\/www.prospettivafamiglia.it\/index.php?rest_route=\/wp\/v2\/posts"}],"about":[{"href":"https:\/\/www.prospettivafamiglia.it\/index.php?rest_route=\/wp\/v2\/types\/post"}],"author":[{"embeddable":true,"href":"https:\/\/www.prospettivafamiglia.it\/index.php?rest_route=\/wp\/v2\/users\/1"}],"replies":[{"embeddable":true,"href":"https:\/\/www.prospettivafamiglia.it\/index.php?rest_route=%2Fwp%2Fv2%2Fcomments&post=8625"}],"version-history":[{"count":0,"href":"https:\/\/www.prospettivafamiglia.it\/index.php?rest_route=\/wp\/v2\/posts\/8625\/revisions"}],"wp:featuredmedia":[{"embeddable":true,"href":"https:\/\/www.prospettivafamiglia.it\/index.php?rest_route=\/wp\/v2\/media\/8626"}],"wp:attachment":[{"href":"https:\/\/www.prospettivafamiglia.it\/index.php?rest_route=%2Fwp%2Fv2%2Fmedia&parent=8625"}],"wp:term":[{"taxonomy":"category","embeddable":true,"href":"https:\/\/www.prospettivafamiglia.it\/index.php?rest_route=%2Fwp%2Fv2%2Fcategories&post=8625"},{"taxonomy":"post_tag","embeddable":true,"href":"https:\/\/www.prospettivafamiglia.it\/index.php?rest_route=%2Fwp%2Fv2%2Ftags&post=8625"}],"curies":[{"name":"wp","href":"https:\/\/api.w.org\/{rel}","templated":true}]}}