{"id":9593,"date":"2021-03-02T07:56:01","date_gmt":"2021-03-02T06:56:01","guid":{"rendered":"https:\/\/www.prospettivafamiglia.it\/?p=9593"},"modified":"2021-03-27T08:15:51","modified_gmt":"2021-03-27T07:15:51","slug":"giovedi-25-marzo-2021-attivita-per-la-terza-eta-la-comedia-del-domila-di-silveria-gonzato-passarelli","status":"publish","type":"post","link":"https:\/\/www.prospettivafamiglia.it\/?p=9593","title":{"rendered":"Venerd\u00ec 26 marzo 2021 &#8211; Attivit\u00e0 per la Terza Et\u00e0: &#8220;LA COMEDIA DEL DOMILA&#8221; di Silveria Gonzato Passarelli"},"content":{"rendered":"<h3 style=\"text-align: center;\"><strong>Le attivit\u00e0 per \u201cla terza et\u00e0\u201d \u00a0di Prospettiva Famiglia<br \/>\n<\/strong><strong>Responsabile\u00a0<\/strong>Andrea Salandra<\/h3>\n<h3 style=\"text-align: center;\"><strong><em>Venerd\u00ec 26 marzo 2021 ore alle 17.30<\/em><\/strong><\/h3>\n<h4 style=\"font-weight: 400; text-align: center;\"><strong><em>LA COMEDIA DEL DOMILA<br \/>\ndi<br \/>\nSilveria Gonzato Passarelli<\/em><\/strong><\/h4>\n<h3 style=\"font-weight: 400; text-align: center;\"><strong><em>a cura di<br \/>\nLUCIANA MARCONCINI<\/em><\/strong><\/h3>\n<p>&nbsp;<\/p>\n<p style=\"text-align: center;\"><strong><em>in videoconferenza<\/em><\/strong><\/p>\n<p style=\"font-weight: 400;\"><strong><em>Per avere le credenziali per accedere alle nostre videoconferenze inviare una mail a progenpf@gmail.com<\/em><\/strong><\/p>\n<p>&nbsp;<\/p>\n<p>&nbsp;<\/p>\n","protected":false},"excerpt":{"rendered":"<p>Le attivit\u00e0 per \u201cla terza et\u00e0\u201d \u00a0di Prospettiva Famiglia Responsabile\u00a0Andrea Salandra Venerd\u00ec 26 marzo 2021 ore alle 17.30 LA COMEDIA DEL DOMILA di Silveria Gonzato Passarelli a cura di LUCIANA MARCONCINI &nbsp; in videoconferenza Per avere le credenziali per accedere alle nostre videoconferenze inviare una mail a progenpf@gmail.com &nbsp; &nbsp;<\/p>\n","protected":false},"author":1,"featured_media":9594,"comment_status":"closed","ping_status":"closed","sticky":false,"template":"","format":"standard","meta":{"jnews-multi-image_gallery":[],"jnews_single_post":{"source_name":"","source_url":"","via_name":"","via_url":"","override_template":"0","override":[{"template":"1","single_blog_custom":"","parallax":"1","fullscreen":"0","layout":"right-sidebar","sidebar":"default-sidebar","second_sidebar":"default-sidebar","sticky_sidebar":"1","share_position":"top","share_float_style":"share-monocrhome","show_share_counter":"1","show_view_counter":"1","show_featured":"1","show_post_meta":"1","show_post_author":"1","show_post_author_image":"1","show_post_date":"1","post_date_format":"default","post_date_format_custom":"Y\/m\/d","show_post_category":"1","show_post_reading_time":"0","post_reading_time_wpm":"300","show_zoom_button":"0","zoom_button_out_step":"2","zoom_button_in_step":"3","show_post_tag":"1","show_prev_next_post":"1","show_popup_post":"1","number_popup_post":"1","show_author_box":"0","show_post_related":"0","show_inline_post_related":"0"}],"override_image_size":"0","image_override":[{"single_post_thumbnail_size":"crop-500","single_post_gallery_size":"crop-500"}],"trending_post":"0","trending_post_position":"meta","trending_post_label":"Trending","sponsored_post":"0","sponsored_post_label":"Sponsored by","sponsored_post_name":"","sponsored_post_url":"","sponsored_post_logo_enable":"0","sponsored_post_logo":"","sponsored_post_desc":""},"jnews_primary_category":{"id":"31"},"jnews_social_meta":{"fb_title":"","fb_description":"","fb_image":"","twitter_title":"","twitter_description":"","twitter_image":""},"jnews_override_counter":{"override_view_counter":"0","view_counter_number":"0","override_share_counter":"0","share_counter_number":"0","override_like_counter":"0","like_counter_number":"0","override_dislike_counter":"0","dislike_counter_number":"0"},"footnotes":""},"categories":[31],"tags":[],"class_list":["post-9593","post","type-post","status-publish","format-standard","has-post-thumbnail","hentry","category-universita-del-tempo-libero"],"_links":{"self":[{"href":"https:\/\/www.prospettivafamiglia.it\/index.php?rest_route=\/wp\/v2\/posts\/9593","targetHints":{"allow":["GET"]}}],"collection":[{"href":"https:\/\/www.prospettivafamiglia.it\/index.php?rest_route=\/wp\/v2\/posts"}],"about":[{"href":"https:\/\/www.prospettivafamiglia.it\/index.php?rest_route=\/wp\/v2\/types\/post"}],"author":[{"embeddable":true,"href":"https:\/\/www.prospettivafamiglia.it\/index.php?rest_route=\/wp\/v2\/users\/1"}],"replies":[{"embeddable":true,"href":"https:\/\/www.prospettivafamiglia.it\/index.php?rest_route=%2Fwp%2Fv2%2Fcomments&post=9593"}],"version-history":[{"count":0,"href":"https:\/\/www.prospettivafamiglia.it\/index.php?rest_route=\/wp\/v2\/posts\/9593\/revisions"}],"wp:featuredmedia":[{"embeddable":true,"href":"https:\/\/www.prospettivafamiglia.it\/index.php?rest_route=\/wp\/v2\/media\/9594"}],"wp:attachment":[{"href":"https:\/\/www.prospettivafamiglia.it\/index.php?rest_route=%2Fwp%2Fv2%2Fmedia&parent=9593"}],"wp:term":[{"taxonomy":"category","embeddable":true,"href":"https:\/\/www.prospettivafamiglia.it\/index.php?rest_route=%2Fwp%2Fv2%2Fcategories&post=9593"},{"taxonomy":"post_tag","embeddable":true,"href":"https:\/\/www.prospettivafamiglia.it\/index.php?rest_route=%2Fwp%2Fv2%2Ftags&post=9593"}],"curies":[{"name":"wp","href":"https:\/\/api.w.org\/{rel}","templated":true}]}}